{"id":482,"date":"2025-10-23T14:31:56","date_gmt":"2025-10-23T12:31:56","guid":{"rendered":"https:\/\/mutuamollet.cat\/news\/presentacion-del-libro-metgesses-en-mollet-del-valles\/"},"modified":"2025-11-14T10:33:35","modified_gmt":"2025-11-14T09:33:35","slug":"presentacion-del-libro-metgesses-en-mollet-del-valles","status":"publish","type":"news","link":"https:\/\/mutuamollet.cat\/es\/actualidad\/presentacion-del-libro-metgesses-en-mollet-del-valles\/","title":{"rendered":"Presentaci\u00f3n del libro Metgesses en Mollet del Vall\u00e8s"},"featured_media":481,"template":"","meta":{"_acf_changed":false},"class_list":["post-482","news","type-news","status-publish","has-post-thumbnail","hentry"],"acf":[],"yoast_head":"<!-- This site is optimized with the Yoast SEO plugin v26.2 - https:\/\/yoast.com\/wordpress\/plugins\/seo\/ -->\n<title>Libro \u201cMetgesses a Mollet\u201d - M\u00fatua Mollet<\/title>\n<meta name=\"description\" content=\"Descubra la historia de las m\u00e9dicas de Mollet y su legado sanitario.Venga a la presentaci\u00f3n del libro.\" \/>\n<meta name=\"robots\" content=\"index, follow, max-snippet:-1, max-image-preview:large, max-video-preview:-1\" \/>\n<link rel=\"canonical\" href=\"https:\/\/mutuamollet.cat\/es\/actualidad\/presentacion-del-libro-metgesses-en-mollet-del-valles\/\" \/>\n<meta property=\"og:locale\" content=\"es_ES\" \/>\n<meta property=\"og:type\" content=\"article\" \/>\n<meta property=\"og:title\" content=\"Libro \u201cMetgesses a Mollet\u201d - M\u00fatua Mollet\" \/>\n<meta property=\"og:description\" content=\"Descubra la historia de las m\u00e9dicas de Mollet y su legado sanitario.Venga a la presentaci\u00f3n del libro.\" \/>\n<meta property=\"og:url\" content=\"https:\/\/mutuamollet.cat\/es\/actualidad\/presentacion-del-libro-metgesses-en-mollet-del-valles\/\" \/>\n<meta property=\"og:site_name\" content=\"M\u00fatua Mollet\" \/>\n<meta property=\"article:modified_time\" content=\"2025-11-14T09:33:35+00:00\" \/>\n<meta property=\"og:image\" content=\"https:\/\/mutuamollet.cat\/wp-content\/uploads\/2025\/10\/001-2.webp\" \/>\n\t<meta property=\"og:image:width\" content=\"1293\" \/>\n\t<meta property=\"og:image:height\" content=\"649\" \/>\n\t<meta property=\"og:image:type\" content=\"image\/webp\" \/>\n<meta name=\"twitter:card\" content=\"summary_large_image\" \/>\n<script type=\"application\/ld+json\" class=\"yoast-schema-graph\">{\"@context\":\"https:\/\/schema.org\",\"@graph\":[{\"@type\":\"WebPage\",\"@id\":\"https:\/\/mutuamollet.cat\/es\/actualidad\/presentacion-del-libro-metgesses-en-mollet-del-valles\/\",\"url\":\"https:\/\/mutuamollet.cat\/es\/actualidad\/presentacion-del-libro-metgesses-en-mollet-del-valles\/\",\"name\":\"Libro \u201cMetgesses a Mollet\u201d - M\u00fatua Mollet\",\"isPartOf\":{\"@id\":\"https:\/\/mutuamollet.cat\/es\/#website\"},\"primaryImageOfPage\":{\"@id\":\"https:\/\/mutuamollet.cat\/es\/actualidad\/presentacion-del-libro-metgesses-en-mollet-del-valles\/#primaryimage\"},\"image\":{\"@id\":\"https:\/\/mutuamollet.cat\/es\/actualidad\/presentacion-del-libro-metgesses-en-mollet-del-valles\/#primaryimage\"},\"thumbnailUrl\":\"https:\/\/mutuamollet.cat\/wp-content\/uploads\/2025\/10\/001-2.webp\",\"datePublished\":\"2025-10-23T12:31:56+00:00\",\"dateModified\":\"2025-11-14T09:33:35+00:00\",\"description\":\"Descubra la historia de las m\u00e9dicas de Mollet y su legado sanitario.Venga a la presentaci\u00f3n del libro.\",\"breadcrumb\":{\"@id\":\"https:\/\/mutuamollet.cat\/es\/actualidad\/presentacion-del-libro-metgesses-en-mollet-del-valles\/#breadcrumb\"},\"inLanguage\":\"es\",\"potentialAction\":[{\"@type\":\"ReadAction\",\"target\":[\"https:\/\/mutuamollet.cat\/es\/actualidad\/presentacion-del-libro-metgesses-en-mollet-del-valles\/\"]}]},{\"@type\":\"ImageObject\",\"inLanguage\":\"es\",\"@id\":\"https:\/\/mutuamollet.cat\/es\/actualidad\/presentacion-del-libro-metgesses-en-mollet-del-valles\/#primaryimage\",\"url\":\"https:\/\/mutuamollet.cat\/wp-content\/uploads\/2025\/10\/001-2.webp\",\"contentUrl\":\"https:\/\/mutuamollet.cat\/wp-content\/uploads\/2025\/10\/001-2.webp\",\"width\":1293,\"height\":649,\"caption\":\"Libro \\\"Metgesses\\\" por Anna Vidal y Cloti Morales\"},{\"@type\":\"BreadcrumbList\",\"@id\":\"https:\/\/mutuamollet.cat\/es\/actualidad\/presentacion-del-libro-metgesses-en-mollet-del-valles\/#breadcrumb\",\"itemListElement\":[{\"@type\":\"ListItem\",\"position\":1,\"name\":\"Inici\",\"item\":\"https:\/\/mutuamollet.cat\/es\/home\/\"},{\"@type\":\"ListItem\",\"position\":2,\"name\":\"Noticies\",\"item\":\"https:\/\/mutuamollet.cat\/es\/actualidad\/\"},{\"@type\":\"ListItem\",\"position\":3,\"name\":\"Presentaci\u00f3n del libro Metgesses en Mollet del Vall\u00e8s\"}]},{\"@type\":\"WebSite\",\"@id\":\"https:\/\/mutuamollet.cat\/es\/#website\",\"url\":\"https:\/\/mutuamollet.cat\/es\/\",\"name\":\"M\u00fatua Mollet\",\"description\":\"La M\u00fatua de Mollet del Vall\u00e8s\",\"potentialAction\":[{\"@type\":\"SearchAction\",\"target\":{\"@type\":\"EntryPoint\",\"urlTemplate\":\"https:\/\/mutuamollet.cat\/es\/?s={search_term_string}\"},\"query-input\":{\"@type\":\"PropertyValueSpecification\",\"valueRequired\":true,\"valueName\":\"search_term_string\"}}],\"inLanguage\":\"es\"}]}<\/script>\n<!-- \/ Yoast SEO plugin. -->","yoast_head_json":{"title":"Libro \u201cMetgesses a Mollet\u201d - M\u00fatua Mollet","description":"Descubra la historia de las m\u00e9dicas de Mollet y su legado sanitario.Venga a la presentaci\u00f3n del libro.","robots":{"index":"index","follow":"follow","max-snippet":"max-snippet:-1","max-image-preview":"max-image-preview:large","max-video-preview":"max-video-preview:-1"},"canonical":"https:\/\/mutuamollet.cat\/es\/actualidad\/presentacion-del-libro-metgesses-en-mollet-del-valles\/","og_locale":"es_ES","og_type":"article","og_title":"Libro \u201cMetgesses a Mollet\u201d - M\u00fatua Mollet","og_description":"Descubra la historia de las m\u00e9dicas de Mollet y su legado sanitario.Venga a la presentaci\u00f3n del libro.","og_url":"https:\/\/mutuamollet.cat\/es\/actualidad\/presentacion-del-libro-metgesses-en-mollet-del-valles\/","og_site_name":"M\u00fatua Mollet","article_modified_time":"2025-11-14T09:33:35+00:00","og_image":[{"width":1293,"height":649,"url":"https:\/\/mutuamollet.cat\/wp-content\/uploads\/2025\/10\/001-2.webp","type":"image\/webp"}],"twitter_card":"summary_large_image","schema":{"@context":"https:\/\/schema.org","@graph":[{"@type":"WebPage","@id":"https:\/\/mutuamollet.cat\/es\/actualidad\/presentacion-del-libro-metgesses-en-mollet-del-valles\/","url":"https:\/\/mutuamollet.cat\/es\/actualidad\/presentacion-del-libro-metgesses-en-mollet-del-valles\/","name":"Libro \u201cMetgesses a Mollet\u201d - M\u00fatua Mollet","isPartOf":{"@id":"https:\/\/mutuamollet.cat\/es\/#website"},"primaryImageOfPage":{"@id":"https:\/\/mutuamollet.cat\/es\/actualidad\/presentacion-del-libro-metgesses-en-mollet-del-valles\/#primaryimage"},"image":{"@id":"https:\/\/mutuamollet.cat\/es\/actualidad\/presentacion-del-libro-metgesses-en-mollet-del-valles\/#primaryimage"},"thumbnailUrl":"https:\/\/mutuamollet.cat\/wp-content\/uploads\/2025\/10\/001-2.webp","datePublished":"2025-10-23T12:31:56+00:00","dateModified":"2025-11-14T09:33:35+00:00","description":"Descubra la historia de las m\u00e9dicas de Mollet y su legado sanitario.Venga a la presentaci\u00f3n del libro.","breadcrumb":{"@id":"https:\/\/mutuamollet.cat\/es\/actualidad\/presentacion-del-libro-metgesses-en-mollet-del-valles\/#breadcrumb"},"inLanguage":"es","potentialAction":[{"@type":"ReadAction","target":["https:\/\/mutuamollet.cat\/es\/actualidad\/presentacion-del-libro-metgesses-en-mollet-del-valles\/"]}]},{"@type":"ImageObject","inLanguage":"es","@id":"https:\/\/mutuamollet.cat\/es\/actualidad\/presentacion-del-libro-metgesses-en-mollet-del-valles\/#primaryimage","url":"https:\/\/mutuamollet.cat\/wp-content\/uploads\/2025\/10\/001-2.webp","contentUrl":"https:\/\/mutuamollet.cat\/wp-content\/uploads\/2025\/10\/001-2.webp","width":1293,"height":649,"caption":"Libro \"Metgesses\" por Anna Vidal y Cloti Morales"},{"@type":"BreadcrumbList","@id":"https:\/\/mutuamollet.cat\/es\/actualidad\/presentacion-del-libro-metgesses-en-mollet-del-valles\/#breadcrumb","itemListElement":[{"@type":"ListItem","position":1,"name":"Inici","item":"https:\/\/mutuamollet.cat\/es\/home\/"},{"@type":"ListItem","position":2,"name":"Noticies","item":"https:\/\/mutuamollet.cat\/es\/actualidad\/"},{"@type":"ListItem","position":3,"name":"Presentaci\u00f3n del libro Metgesses en Mollet del Vall\u00e8s"}]},{"@type":"WebSite","@id":"https:\/\/mutuamollet.cat\/es\/#website","url":"https:\/\/mutuamollet.cat\/es\/","name":"M\u00fatua Mollet","description":"La M\u00fatua de Mollet del Vall\u00e8s","potentialAction":[{"@type":"SearchAction","target":{"@type":"EntryPoint","urlTemplate":"https:\/\/mutuamollet.cat\/es\/?s={search_term_string}"},"query-input":{"@type":"PropertyValueSpecification","valueRequired":true,"valueName":"search_term_string"}}],"inLanguage":"es"}]}},"_links":{"self":[{"href":"https:\/\/mutuamollet.cat\/es\/wp-json\/wp\/v2\/news\/482","targetHints":{"allow":["GET"]}}],"collection":[{"href":"https:\/\/mutuamollet.cat\/es\/wp-json\/wp\/v2\/news"}],"about":[{"href":"https:\/\/mutuamollet.cat\/es\/wp-json\/wp\/v2\/types\/news"}],"version-history":[{"count":1,"href":"https:\/\/mutuamollet.cat\/es\/wp-json\/wp\/v2\/news\/482\/revisions"}],"predecessor-version":[{"id":739,"href":"https:\/\/mutuamollet.cat\/es\/wp-json\/wp\/v2\/news\/482\/revisions\/739"}],"wp:featuredmedia":[{"embeddable":true,"href":"https:\/\/mutuamollet.cat\/es\/wp-json\/wp\/v2\/media\/481"}],"wp:attachment":[{"href":"https:\/\/mutuamollet.cat\/es\/wp-json\/wp\/v2\/media?parent=482"}],"curies":[{"name":"wp","href":"https:\/\/api.w.org\/{rel}","templated":true}]}}